{"id":125,"date":"2023-07-15T23:20:04","date_gmt":"2023-07-15T21:20:04","guid":{"rendered":"https:\/\/centrejoebousquet.fr\/?p=125"},"modified":"2023-07-16T15:18:16","modified_gmt":"2023-07-16T13:18:16","slug":"la-maison-des-memoires-maison-joe-bousquet","status":"publish","type":"post","link":"https:\/\/centrejoebousquet.fr\/index.php\/2023\/07\/15\/la-maison-des-memoires-maison-joe-bousquet\/","title":{"rendered":"La Maison des M\u00e9moires \/ Maison Joe Bousquet"},"content":{"rendered":"\n<div class=\"wp-block-cover is-light wp-block-group alignfull\" style=\"min-height:800px;aspect-ratio:unset;\"><span aria-hidden=\"true\" class=\"wp-block-cover__background has-black-background-color has-background-dim\"><\/span><img fetchpriority=\"high\" decoding=\"async\" width=\"345\" height=\"450\" class=\"wp-block-cover__image-background wp-image-126\" alt=\"\" src=\"https:\/\/centrejoebousquet.fr\/wp-content\/uploads\/2023\/07\/maison-des-memoires.jpg\" style=\"object-position:5% 71%\" data-object-fit=\"cover\" data-object-position=\"5% 71%\" srcset=\"https:\/\/centrejoebousquet.fr\/wp-content\/uploads\/2023\/07\/maison-des-memoires.jpg 345w, https:\/\/centrejoebousquet.fr\/wp-content\/uploads\/2023\/07\/maison-des-memoires-230x300.jpg 230w\" sizes=\"(max-width: 345px) 100vw, 345px\" \/><div class=\"wp-block-cover__inner-container is-layout-flow wp-block-cover-is-layout-flow\">\n<div class=\"wp-block-group is-layout-constrained wp-container-core-group-is-layout-4f9f0532 wp-block-group-is-layout-constrained\">\n<div class=\"wp-block-columns alignwide are-vertically-aligned-center slider-banner is-layout-flex wp-container-core-columns-is-layout-28f84493 wp-block-columns-is-layout-flex\">\n<div class=\"wp-block-column is-vertically-aligned-center is-layout-flow wp-block-column-is-layout-flow\" style=\"flex-basis:50%\">\n<h2 class=\"wp-block-heading has-background-color has-text-color\" style=\"font-size:35px;font-style:normal;font-weight:600\">Au 53 rue de Verdun \u00e0 Carcassonne, se trouve un ancien h\u00f4tel particulier construit au 16e si\u00e8cle. C\u2019est ici que le po\u00e8te Jo\u00eb Bousquet, s\u2019installa au si\u00e8cle dernier.<\/h2>\n\n\n\n<p class=\"has-text-align-left has-background-color has-text-color has-upper-heading-font-size has-poppins-font-family\">Bless\u00e9 par une balle en mai 1918, le jeune homme paralys\u00e9 ne quitta pratiquement plus sa chambre. Alors le monde des arts vint \u00e0 lui. De Paul Val\u00e9ry \u00e0 Max Ernst, de Magritte \u00e0 Louis Aragon, en passant par Andr\u00e9 Gide, Henri Michaux, Jean Paulhan et Simone Weil\u2026 Les plus beaux esprits du 20e si\u00e8cle ont d\u00e9fil\u00e9 dans cette maison transform\u00e9e depuis en lieu de vie culturelle intense.<\/p>\n\n\n\n<p class=\"has-text-align-left has-background-color has-text-color has-upper-heading-font-size has-poppins-font-family\">D\u00e9couvrez le lieu de vie du po\u00e8te, son oeuvre et l\u2019influence qu\u2019il exer\u00e7a sur son \u00e9poque avec les manuscrits, les tableaux, les publications qui \u00e9maillent cet \u00e9mouvant parcours. Ce dernier vous emm\u00e8nera jusqu\u2019\u00e0 la porte de la chambre de Jo\u00eb Bousquet. C\u2019est ici, dans cette chambre aux volets clos que le po\u00e8te, proche du mouvement surr\u00e9aliste, a ouvert une fen\u00eatre sur le monde.<\/p>\n\n\n\n<p class=\"has-text-align-left has-background-color has-text-color has-upper-heading-font-size has-poppins-font-family\">Plusieurs fois par an, des expositions temporaires sur les relations entre \u00e9criture et cr\u00e9ation artistique sont organis\u00e9es ainsi que des colloques et des soir\u00e9es litt\u00e9raires. Par ces activit\u00e9s, le Centre Jo\u00eb Bousquet et son Temps offre une ouverture sur la cr\u00e9ation litt\u00e9raire et artistique contemporaine et continue \u00e0 faire vivre la chambre du po\u00e8te.<\/p>\n\n\n\n<div class=\"wp-block-columns is-layout-flex wp-container-core-columns-is-layout-28f84493 wp-block-columns-is-layout-flex\">\n<div class=\"wp-block-column is-layout-flow wp-block-column-is-layout-flow\"><\/div>\n\n\n\n<div class=\"wp-block-column is-layout-flow wp-block-column-is-layout-flow\"><\/div>\n<\/div>\n<\/div>\n\n\n\n<div class=\"wp-block-column is-vertically-aligned-center is-layout-flow wp-block-column-is-layout-flow\" style=\"flex-basis:40%\"><\/div>\n<\/div>\n<\/div>\n<\/div><\/div>\n","protected":false},"excerpt":{"rendered":"","protected":false},"author":1,"featured_media":0,"comment_status":"open","ping_status":"open","sticky":false,"template":"","format":"standard","meta":{"_mo_disable_npp":"","_surecart_dashboard_logo_width":"180px","_surecart_dashboard_show_logo":true,"_surecart_dashboard_navigation_orders":true,"_surecart_dashboard_navigation_invoices":true,"_surecart_dashboard_navigation_subscriptions":true,"_surecart_dashboard_navigation_downloads":true,"_surecart_dashboard_navigation_billing":true,"_surecart_dashboard_navigation_account":true,"_uag_custom_page_level_css":"","footnotes":""},"categories":[10],"tags":[23,13,15,21,22],"class_list":["post-125","post","type-post","status-publish","format-standard","hentry","category-histoire-dune-vie","tag-53-rue-de-verdun","tag-carcassonne","tag-joe-bousquet","tag-maison","tag-memoires"],"uagb_featured_image_src":{"full":false,"thumbnail":false,"medium":false,"medium_large":false,"large":false,"1536x1536":false,"2048x2048":false},"uagb_author_info":{"display_name":"Centre Joe Bousquet","author_link":"https:\/\/centrejoebousquet.fr\/index.php\/author\/admin4439\/"},"uagb_comment_info":0,"uagb_excerpt":null,"_links":{"self":[{"href":"https:\/\/centrejoebousquet.fr\/index.php\/wp-json\/wp\/v2\/posts\/125","targetHints":{"allow":["GET"]}}],"collection":[{"href":"https:\/\/centrejoebousquet.fr\/index.php\/wp-json\/wp\/v2\/posts"}],"about":[{"href":"https:\/\/centrejoebousquet.fr\/index.php\/wp-json\/wp\/v2\/types\/post"}],"author":[{"embeddable":true,"href":"https:\/\/centrejoebousquet.fr\/index.php\/wp-json\/wp\/v2\/users\/1"}],"replies":[{"embeddable":true,"href":"https:\/\/centrejoebousquet.fr\/index.php\/wp-json\/wp\/v2\/comments?post=125"}],"version-history":[{"count":4,"href":"https:\/\/centrejoebousquet.fr\/index.php\/wp-json\/wp\/v2\/posts\/125\/revisions"}],"predecessor-version":[{"id":142,"href":"https:\/\/centrejoebousquet.fr\/index.php\/wp-json\/wp\/v2\/posts\/125\/revisions\/142"}],"wp:attachment":[{"href":"https:\/\/centrejoebousquet.fr\/index.php\/wp-json\/wp\/v2\/media?parent=125"}],"wp:term":[{"taxonomy":"category","embeddable":true,"href":"https:\/\/centrejoebousquet.fr\/index.php\/wp-json\/wp\/v2\/categories?post=125"},{"taxonomy":"post_tag","embeddable":true,"href":"https:\/\/centrejoebousquet.fr\/index.php\/wp-json\/wp\/v2\/tags?post=125"}],"curies":[{"name":"wp","href":"https:\/\/api.w.org\/{rel}","templated":true}]}}