{"id":913,"date":"2024-12-19T19:28:46","date_gmt":"2024-12-19T18:28:46","guid":{"rendered":"https:\/\/centrejoebousquet.fr\/?p=913"},"modified":"2024-12-19T20:01:58","modified_gmt":"2024-12-19T19:01:58","slug":"journee-lenfance-blessee","status":"publish","type":"post","link":"https:\/\/centrejoebousquet.fr\/index.php\/2024\/12\/19\/journee-lenfance-blessee\/","title":{"rendered":"JOURN\u00c9E L\u2019ENFANCE BLESS\u00c9E"},"content":{"rendered":"\t\t<div data-elementor-type=\"wp-post\" data-elementor-id=\"913\" class=\"elementor elementor-913\">\n\t\t\t\t<div class=\"elementor-element elementor-element-67356770 e-con-full e-flex e-con e-parent\" data-id=\"67356770\" data-element_type=\"container\">\n\t\t\t\t<div class=\"elementor-element elementor-element-f0b6ee8 elementor-widget__width-initial elementor-widget elementor-widget-text-editor\" data-id=\"f0b6ee8\" data-element_type=\"widget\" data-widget_type=\"text-editor.default\">\n\t\t\t\t<div class=\"elementor-widget-container\">\n\t\t\t<style>\/*! elementor - v3.23.0 - 05-08-2024 *\/\n.elementor-widget-text-editor.elementor-drop-cap-view-stacked .elementor-drop-cap{background-color:#69727d;color:#fff}.elementor-widget-text-editor.elementor-drop-cap-view-framed .elementor-drop-cap{color:#69727d;border:3px solid;background-color:transparent}.elementor-widget-text-editor:not(.elementor-drop-cap-view-default) .elementor-drop-cap{margin-top:8px}.elementor-widget-text-editor:not(.elementor-drop-cap-view-default) .elementor-drop-cap-letter{width:1em;height:1em}.elementor-widget-text-editor .elementor-drop-cap{float:left;text-align:center;line-height:1;font-size:50px}.elementor-widget-text-editor .elementor-drop-cap-letter{display:inline-block}<\/style>\t\t\t\t<div class=\"wp-block-media-text is-stacked-on-mobile\">\n<figure class=\"wp-block-media-text__media\"><img fetchpriority=\"high\" decoding=\"async\" width=\"1024\" height=\"701\" class=\"wp-image-914 size-full\" src=\"https:\/\/centrejoebousquet.fr\/wp-content\/uploads\/2024\/12\/3.-credit-photo-Marc-Ginot-1024x701.jpg\" alt=\"\" srcset=\"https:\/\/centrejoebousquet.fr\/wp-content\/uploads\/2024\/12\/3.-credit-photo-Marc-Ginot-1024x701.jpg 1024w, https:\/\/centrejoebousquet.fr\/wp-content\/uploads\/2024\/12\/3.-credit-photo-Marc-Ginot-300x205.jpg 300w, https:\/\/centrejoebousquet.fr\/wp-content\/uploads\/2024\/12\/3.-credit-photo-Marc-Ginot-768x526.jpg 768w, https:\/\/centrejoebousquet.fr\/wp-content\/uploads\/2024\/12\/3.-credit-photo-Marc-Ginot-1536x1051.jpg 1536w, https:\/\/centrejoebousquet.fr\/wp-content\/uploads\/2024\/12\/3.-credit-photo-Marc-Ginot-2048x1402.jpg 2048w\" sizes=\"(max-width: 1024px) 100vw, 1024px\" \/><\/figure>\n<div class=\"wp-block-media-text__content\">\n<p><!-- wp:heading {\"level\":3} --><\/p>\n<h3 class=\"wp-block-heading\"><strong>Vendredi 31 janvier 9h30-17h<br \/>\u00c0 La Bulle Bleue<\/strong><\/h3>\n<p><!-- \/wp:heading --><!-- wp:paragraph --><\/p>\n<p>285 rue du Mas de Prunet \u00e0 <strong>Montpellier<\/strong><\/p>\n<p><strong>Rencontre d\u2019auteurs + spectacle + rencontre avec l\u2019\u00e9quipe de <em>A ciel Ouvert<\/em><\/strong><\/p>\n<p><!-- \/wp:paragraph --><!-- wp:heading {\"level\":4} --><\/p>\n<h4 class=\"wp-block-heading\">CENTRE JO\u00cb BOUSQUET &amp; LA BULLE BLEUE<\/h4>\n<p><!-- \/wp:heading --><!-- wp:paragraph {\"placeholder\":\"Contenu\u2026\"} --><\/p>\n<p><strong>Cette journ\u00e9e est coorganis\u00e9e par La Bulle Bleue et le Centre Jo\u00eb Bousquet, dans le cadre du projet Corps bless\u00e9s et actes cr\u00e9ateurs cheminement en R\u00e9gion Occitanie du Centre Jo\u00eb Bousquet.<\/strong><\/p>\n<p><!-- \/wp:paragraph --><!-- wp:paragraph --><\/p>\n<p><!-- \/wp:paragraph --><!-- wp:paragraph --><\/p>\n<p><!-- \/wp:paragraph --><!-- wp:paragraph --><\/p>\n<p><!-- \/wp:paragraph --><\/p>\n<\/div>\n<\/div>\n<p><!-- \/wp:media-text --><!-- wp:paragraph --><\/p>\n<p>9h30-13h : Rencontre avec les auteurs et autrices David L\u00e9on, Camille Louis, Matthieu Mevel. Rencontre anim\u00e9e par le collectif \u00ab Enfance bless\u00e9e \u00bb du Centre Jo\u00eb Bousquet et son Temps : Renaud Antal, Pascal Bautrait, Yannick Gayraud, Mireille Lauze et Ren\u00e9 Pini\u00e8s, directeur du Centre Jo\u00eb Bousquet.<br \/>13h : d\u00e9jeuner. <em>modalit\u00e9s \u00e0 venir<\/em><br \/>14h. Repr\u00e9sentation de<a href=\"https:\/\/www.labullebleue.fr\/evenements\/2025-a-ciel-ouvert\"> A Ciel Ouvert<\/a> de La compagnie Provisoire. Suivie d&rsquo;un \u00e9change avec l&rsquo;\u00e9quipe artistique du spectacle et avec la chor\u00e9graphe Laurence Pag\u00e8s.<\/p>\n<p><!-- \/wp:paragraph --><!-- wp:paragraph --><\/p>\n<p>\u00a0<\/p>\n<p><!-- \/wp:paragraph --><!-- wp:paragraph --><\/p>\n<p><strong>David L\u00e9on<\/strong><br \/>N\u00e9 en 1976, David L\u00e9on a suivi une formation de com\u00e9dien \u00e0 l\u2019ENSAD de Montpellier et au CNSAD de Paris. David L\u00e9on \u00e9crit pour le th\u00e9\u00e2tre depuis une quinzaine d\u2019ann\u00e9es. <strong>A ciel ouvert<\/strong> est son dernier texte de th\u00e9\u00e2tre, paru en septembre 2024 aux \u00e9ditions Espaces 34. L&rsquo;histoire d&rsquo;une \u00e9ducatrice d\u2018une Maison de la Protection de l\u2018Enfance qui se souvient de sa mise \u00e0 pied act\u00e9e par la direction et du soutien de ses coll\u00e8gues, apr\u00e8s qu\u2018elle a lanc\u00e9 l\u2018alerte face aux violences exerc\u00e9es par un soignant sur une enfant. Elle se souvient des rencontres r\u00e9guli\u00e8res avec cette enfant et de ses jeux, alors hant\u00e9s de d\u00e9mons. Elle se souvient aussi de la fa\u00e7on dont l\u2018\u00e9coute, le soin, alli\u00e9s \u00e0 la puissance imaginative et po\u00e9tique, ont ouvert l\u2018enfant \u00e0 la vie. Au plus pr\u00e8s des logiques de chaque fonction sociale, la pi\u00e8ce d\u00e9voile l\u2018indicible d\u2018une terrible r\u00e9p\u00e9tition : la brutalit\u00e9 exerc\u00e9e au travail sur les soignants en miroir de celle que rencontrent les enfants au sein de leur cellule familiale, puis au c\u0153ur m\u00eame de l\u2018\u00e9tablissement cens\u00e9 les prot\u00e9ger.<\/p>\n<p><a href=\"https:\/\/www.editions-espaces34.fr\">https:\/\/www.editions-espaces34.fr<\/a><\/p>\n<p><!-- \/wp:paragraph --><!-- wp:paragraph --><\/p>\n<p><strong>Camille Louis<\/strong><br \/>N\u00e9e en 1984, Camille Louis est dramaturge, co-initiatrice du collectif international kom.post (compos\u00e9 de chercheurs, artistes et activistes) et docteure en philosophie. Activiste aupr\u00e8s des personnes en exil entre la Gr\u00e8ce, la France et la Belgique, elle est l\u2019autrice de La Conspiration des enfants (\u00e9d. PUF). \u00ab Ils s\u2019appellent Anna, Ashkan ou Julia. Ils vivent dans une banlieue industrielle de Londres, un camp de r\u00e9fugi\u00e9s en Gr\u00e8ce, un terrain vague pour gens du voyage aux portes de Paris. Ce sont des enfants. Et ils sont malades. Tous souffrent de saturnisme \u2013 cette maladie du plomb qui coupe la respiration. Chacun dans leur coin, ils sont les t\u00e9moins d\u2019un monde qui a choisi de cultiver l\u2019irrespirable \u00bb.<\/p>\n<p><a href=\"https:\/\/www.puf.com\">https:\/\/www.puf.com<\/a><\/p>\n<p><!-- \/wp:paragraph --><!-- wp:paragraph --><\/p>\n<p><strong>Matthieu M\u00e9vel<\/strong><br \/>Matthieu M\u00e9vel est \u00e9crivain, acteur, metteur en sc\u00e8ne. Apr\u00e8s avoir suivi une formation d\u2019 acteur \u00e0 Paris et la classe de Jacques Lassalle au Conservatoire National Sup\u00e9rieur d\u2019Art Dramatique, il a jou\u00e9 sous la direction d\u2019elisabeth Chailloux, Michel Didym, Jo\u00ebl Pommerat&#8230; Il a \u00e9crit et mis en sc\u00e8ne une quinzaine de spectacles en France et \u00e0 l\u2019\u00e9tranger. Il a publi\u00e9 du th\u00e9\u00e2tre, de la po\u00e9sie et des essais .<br \/>Son roman <strong>Un Vagabond dans la langue<\/strong> (Gallimard, Collection blanche, 2021) est consacr\u00e9 \u00e0 la parole de son fr\u00e8re autiste.<\/p>\n<p><a href=\"https:\/\/www.gallimard.fr\">https:\/\/www.gallimard.fr<\/a><\/p>\n<p><strong>Laurence Pag\u00e8s<\/strong><br \/>Laurence Pag\u00e8s, chor\u00e9graphe de la compagnie du Petit C\u00f4t\u00e9, est artiste associ\u00e9e au Centre Jo\u00eb Bousquet, explore les liens entre danse et corps souffrant et emp\u00each\u00e9 et entre danse et texte. Elle a notamment cr\u00e9e <strong>L\u2019espoir a deux paires de jambes<\/strong> oeuvre chor\u00e9graphique \u00e0 l\u2019adresse des enfants \u00e0 partir de huit ans, sur la condition des enfants intern\u00e9s dans des camps de d\u00e9plac\u00e9s\/prisonniers, \u00e0 partir des archives du M\u00e9morial de Rivesaltes. Elle est \u00e9galement co-autrice de plusieurs ouvrages sur la danse \u00e9dit\u00e9s par le Centre national de la Danse : Cette danse, quel spectacle ! (2023), Ma danse, tout un art ! (2024).<\/p>\n<p><a href=\"https:\/\/www.laurencepages.fr\/\">https:\/\/www.laurencepages.fr\/<\/a><\/p>\n<p><!-- \/wp:paragraph --><!-- wp:pullquote --><\/p>\n<figure class=\"wp-block-pullquote\">\n<blockquote>\n<p>\u00a0\u00a0\u00a0\u00a0\u00a0\u00a0\u00a0\u00a0\u00a0\u00a0\u00a0\u00a0\u00a0\u00a0\u00a0\u00a0\u00a0\u00a0\u00a0\u00a0\u00a0\u00a0\u00a0\u00a0\u00a0\u00a0\u00a0\u00a0\u00a0\u00a0\u00a0\u00a0\u00a0\u00a0\u00a0\u00a0 R\u00e9server ses places<br \/><strong>9h30-13h. Rencontre<\/strong> Gratuit. <a href=\"https:\/\/yurplan.com\/orga\/LA-BULLE-BLEUE-attention-les-evenements-sont-sur-plusieurs-pages\/13388\">R\u00e9servation souhait\u00e9e<\/a><br \/><strong>14h. Repr\u00e9sentation de A ciel ouvert<\/strong> 13\u20ac, r\u00e9duit 9\u20ac.<\/p>\n<p><a href=\"https:\/\/yurplan.com\/orga\/LA-BULLE-BLEUE-attention-les-evenements-sont-sur-plusieurs-pages\/13388\">Sur r\u00e9servation ici<\/a><\/p>\n<p><cite>Informations<br \/>Par t\u00e9l\u00e9phone et sur place<br \/>Du lundi au vendredi<br \/>9h &#8211; 12h \/ 04 67 42 18 61<\/cite><\/p>\n<\/blockquote>\n<\/figure>\n<p><!-- \/wp:pullquote --><\/p>\n<div>\u00a0<\/div>\n<div>\u00a0<\/div>\t\t\t\t\t\t<\/div>\n\t\t\t\t<\/div>\n\t\t\t\t<\/div>\n\t\t<div class=\"elementor-element elementor-element-595e136 e-flex e-con-boxed e-con e-parent\" data-id=\"595e136\" data-element_type=\"container\">\n\t\t\t\t\t<div class=\"e-con-inner\">\n\t\t\t\t<div class=\"elementor-element elementor-element-99b159b elementor-widget-divider--view-line elementor-widget elementor-widget-divider\" data-id=\"99b159b\" data-element_type=\"widget\" data-widget_type=\"divider.default\">\n\t\t\t\t<div class=\"elementor-widget-container\">\n\t\t\t<style>\/*! elementor - v3.23.0 - 05-08-2024 *\/\n.elementor-widget-divider{--divider-border-style:none;--divider-border-width:1px;--divider-color:#0c0d0e;--divider-icon-size:20px;--divider-element-spacing:10px;--divider-pattern-height:24px;--divider-pattern-size:20px;--divider-pattern-url:none;--divider-pattern-repeat:repeat-x}.elementor-widget-divider .elementor-divider{display:flex}.elementor-widget-divider .elementor-divider__text{font-size:15px;line-height:1;max-width:95%}.elementor-widget-divider .elementor-divider__element{margin:0 var(--divider-element-spacing);flex-shrink:0}.elementor-widget-divider .elementor-icon{font-size:var(--divider-icon-size)}.elementor-widget-divider .elementor-divider-separator{display:flex;margin:0;direction:ltr}.elementor-widget-divider--view-line_icon .elementor-divider-separator,.elementor-widget-divider--view-line_text .elementor-divider-separator{align-items:center}.elementor-widget-divider--view-line_icon .elementor-divider-separator:after,.elementor-widget-divider--view-line_icon .elementor-divider-separator:before,.elementor-widget-divider--view-line_text .elementor-divider-separator:after,.elementor-widget-divider--view-line_text .elementor-divider-separator:before{display:block;content:\"\";border-block-end:0;flex-grow:1;border-block-start:var(--divider-border-width) var(--divider-border-style) var(--divider-color)}.elementor-widget-divider--element-align-left .elementor-divider .elementor-divider-separator>.elementor-divider__svg:first-of-type{flex-grow:0;flex-shrink:100}.elementor-widget-divider--element-align-left .elementor-divider-separator:before{content:none}.elementor-widget-divider--element-align-left .elementor-divider__element{margin-left:0}.elementor-widget-divider--element-align-right .elementor-divider .elementor-divider-separator>.elementor-divider__svg:last-of-type{flex-grow:0;flex-shrink:100}.elementor-widget-divider--element-align-right .elementor-divider-separator:after{content:none}.elementor-widget-divider--element-align-right .elementor-divider__element{margin-right:0}.elementor-widget-divider--element-align-start .elementor-divider .elementor-divider-separator>.elementor-divider__svg:first-of-type{flex-grow:0;flex-shrink:100}.elementor-widget-divider--element-align-start .elementor-divider-separator:before{content:none}.elementor-widget-divider--element-align-start .elementor-divider__element{margin-inline-start:0}.elementor-widget-divider--element-align-end .elementor-divider .elementor-divider-separator>.elementor-divider__svg:last-of-type{flex-grow:0;flex-shrink:100}.elementor-widget-divider--element-align-end .elementor-divider-separator:after{content:none}.elementor-widget-divider--element-align-end .elementor-divider__element{margin-inline-end:0}.elementor-widget-divider:not(.elementor-widget-divider--view-line_text):not(.elementor-widget-divider--view-line_icon) .elementor-divider-separator{border-block-start:var(--divider-border-width) var(--divider-border-style) var(--divider-color)}.elementor-widget-divider--separator-type-pattern{--divider-border-style:none}.elementor-widget-divider--separator-type-pattern.elementor-widget-divider--view-line .elementor-divider-separator,.elementor-widget-divider--separator-type-pattern:not(.elementor-widget-divider--view-line) .elementor-divider-separator:after,.elementor-widget-divider--separator-type-pattern:not(.elementor-widget-divider--view-line) .elementor-divider-separator:before,.elementor-widget-divider--separator-type-pattern:not([class*=elementor-widget-divider--view]) .elementor-divider-separator{width:100%;min-height:var(--divider-pattern-height);-webkit-mask-size:var(--divider-pattern-size) 100%;mask-size:var(--divider-pattern-size) 100%;-webkit-mask-repeat:var(--divider-pattern-repeat);mask-repeat:var(--divider-pattern-repeat);background-color:var(--divider-color);-webkit-mask-image:var(--divider-pattern-url);mask-image:var(--divider-pattern-url)}.elementor-widget-divider--no-spacing{--divider-pattern-size:auto}.elementor-widget-divider--bg-round{--divider-pattern-repeat:round}.rtl .elementor-widget-divider .elementor-divider__text{direction:rtl}.e-con-inner>.elementor-widget-divider,.e-con>.elementor-widget-divider{width:var(--container-widget-width,100%);--flex-grow:var(--container-widget-flex-grow)}<\/style>\t\t<div class=\"elementor-divider\">\n\t\t\t<span class=\"elementor-divider-separator\">\n\t\t\t\t\t\t<\/span>\n\t\t<\/div>\n\t\t\t\t<\/div>\n\t\t\t\t<\/div>\n\t\t\t\t\t<\/div>\n\t\t\t\t<\/div>\n\t\t\t\t<\/div>\n\t\t","protected":false},"excerpt":{"rendered":"<p>Vendredi 31 janvier 9h30-17h\u00c0 La Bulle Bleue 285 rue du Mas de Prunet \u00e0 Montpellier Rencontre d\u2019auteurs + spectacle + rencontre avec l\u2019\u00e9quipe de A ciel Ouvert CENTRE JO\u00cb BOUSQUET &amp; LA BULLE BLEUE Cette journ\u00e9e est coorganis\u00e9e par La Bulle Bleue et le Centre Jo\u00eb Bousquet, dans le cadre du projet Corps bless\u00e9s et [&hellip;]<\/p>\n","protected":false},"author":1,"featured_media":0,"comment_status":"open","ping_status":"open","sticky":false,"template":"","format":"standard","meta":{"_mo_disable_npp":"","_surecart_dashboard_logo_width":"180px","_surecart_dashboard_show_logo":true,"_surecart_dashboard_navigation_orders":true,"_surecart_dashboard_navigation_invoices":true,"_surecart_dashboard_navigation_subscriptions":true,"_surecart_dashboard_navigation_downloads":true,"_surecart_dashboard_navigation_billing":true,"_surecart_dashboard_navigation_account":true,"_uag_custom_page_level_css":"","footnotes":""},"categories":[1],"tags":[],"class_list":["post-913","post","type-post","status-publish","format-standard","hentry","category-non-classe"],"uagb_featured_image_src":{"full":false,"thumbnail":false,"medium":false,"medium_large":false,"large":false,"1536x1536":false,"2048x2048":false},"uagb_author_info":{"display_name":"Centre Joe Bousquet","author_link":"https:\/\/centrejoebousquet.fr\/index.php\/author\/admin4439\/"},"uagb_comment_info":0,"uagb_excerpt":"Vendredi 31 janvier 9h30-17h\u00c0 La Bulle Bleue 285 rue du Mas de Prunet \u00e0 Montpellier Rencontre d\u2019auteurs + spectacle + rencontre avec l\u2019\u00e9quipe de A ciel Ouvert CENTRE JO\u00cb BOUSQUET &amp; LA BULLE BLEUE Cette journ\u00e9e est coorganis\u00e9e par La Bulle Bleue et le Centre Jo\u00eb Bousquet, dans le cadre du projet Corps bless\u00e9s et\u2026","_links":{"self":[{"href":"https:\/\/centrejoebousquet.fr\/index.php\/wp-json\/wp\/v2\/posts\/913","targetHints":{"allow":["GET"]}}],"collection":[{"href":"https:\/\/centrejoebousquet.fr\/index.php\/wp-json\/wp\/v2\/posts"}],"about":[{"href":"https:\/\/centrejoebousquet.fr\/index.php\/wp-json\/wp\/v2\/types\/post"}],"author":[{"embeddable":true,"href":"https:\/\/centrejoebousquet.fr\/index.php\/wp-json\/wp\/v2\/users\/1"}],"replies":[{"embeddable":true,"href":"https:\/\/centrejoebousquet.fr\/index.php\/wp-json\/wp\/v2\/comments?post=913"}],"version-history":[{"count":7,"href":"https:\/\/centrejoebousquet.fr\/index.php\/wp-json\/wp\/v2\/posts\/913\/revisions"}],"predecessor-version":[{"id":923,"href":"https:\/\/centrejoebousquet.fr\/index.php\/wp-json\/wp\/v2\/posts\/913\/revisions\/923"}],"wp:attachment":[{"href":"https:\/\/centrejoebousquet.fr\/index.php\/wp-json\/wp\/v2\/media?parent=913"}],"wp:term":[{"taxonomy":"category","embeddable":true,"href":"https:\/\/centrejoebousquet.fr\/index.php\/wp-json\/wp\/v2\/categories?post=913"},{"taxonomy":"post_tag","embeddable":true,"href":"https:\/\/centrejoebousquet.fr\/index.php\/wp-json\/wp\/v2\/tags?post=913"}],"curies":[{"name":"wp","href":"https:\/\/api.w.org\/{rel}","templated":true}]}}